{"id":8447,"date":"2023-07-26T12:33:04","date_gmt":"2023-07-26T10:33:04","guid":{"rendered":"https:\/\/josedelavega.com\/solea-a-fundamental-flamenco-palo-form\/"},"modified":"2023-08-11T15:24:31","modified_gmt":"2023-08-11T13:24:31","slug":"solea-a-fundamental-flamenco-palo-form","status":"publish","type":"post","link":"https:\/\/josedelavega.com\/en\/solea-a-fundamental-flamenco-palo-form\/","title":{"rendered":"Sole\u00e1, a fundamental flamenco palo (form)"},"content":{"rendered":"\n<p>Flamenco, a vibrant and soulful art form originating in the Andalusian region of Spain, encompasses a rich tapestry of music, song and dance. At the heart of this captivating tradition is the Sole\u00e1.<br\/><br\/>With its deep-rooted history and intricate choreography, the Sole\u00e1 dance is a powerful expression of emotions, intertwining pain, passion and endurance. In this post, we embark on a journey to unravel the essence and charm of Soleares, delving into its origins, characteristics and the profound impact it has on both performers and spectators.<\/p>\n\n<h2 class=\"wp-block-heading has-medium-font-size\" id=\"h-origenes-y-significado-cultural\">Origins and cultural significance<\/h2>\n\n<p>Soleares, often considered the mother of all flamenco styles, emerged in the 18th century in the marginalized communities of Andalusia, Spain. It reflects the struggles, joys and desires of gypsies, peasants and the working class who found solace in this art. Over time, La Sole\u00e1 or Soleares have become an integral part of Spanish cultural heritage, carrying the weight of history and the spirit of a resilient people.<\/p>\n\n<h2 class=\"wp-block-heading has-medium-font-size\" id=\"h-caracteristicas-y-musicalidad\">Characteristics and musicality<\/h2>\n\n<p>Soleares have a distinctive rhythmic structure and an emotional intensity that captivates the senses. It is performed in 12-beat comp\u00e1s, creating a complex web of rhythmic patterns that interact with the haunting guitar melodies and soulful singing. The tempo varies often, allowing the dancers to express different moods and intensities. The clapping and jaleos of the accompanying musicians add depth and energy to the show.<\/p>\n\n<figure class=\"wp-block-image size-full is-resized\"><a href=\"https:\/\/josedelavega.com\/wp-content\/uploads\/2023\/07\/El-Flamenco-de-Manuela-Carrasco.jpg\"><img loading=\"lazy\" decoding=\"async\" src=\"https:\/\/josedelavega.com\/wp-content\/uploads\/2023\/07\/El-Flamenco-de-Manuela-Carrasco.jpg\" alt=\"Flamenco dance by Sole&#xE1; | Manuela Carrasco\" class=\"wp-image-8434\" width=\"843\" height=\"474\" srcset=\"https:\/\/josedelavega.com\/wp-content\/uploads\/2023\/07\/El-Flamenco-de-Manuela-Carrasco.jpg 644w, https:\/\/josedelavega.com\/wp-content\/uploads\/2023\/07\/El-Flamenco-de-Manuela-Carrasco-300x169.jpg 300w\" sizes=\"auto, (max-width: 843px) 100vw, 843px\" \/><\/a><\/figure>\n\n<p>\n          <sub>\n            <strong>Manuela Carrasco dancing by Sole\u00e1<\/strong>\n          <\/sub>\n        <\/p>\n\n<h2 class=\"wp-block-heading has-medium-font-size\" id=\"h-coreografia-y-expresion\">Choreography and expression<\/h2>\n\n<p>The choreography of flamenco dance by <a href=\"https:\/\/youtu.be\/24hmLNbwjt4\">Sole\u00e1<\/a> is characterized by intricate footwork and expressive upper body movements. The dancers, dressed in traditional flamenco costume, display their technical prowess and emotional depth through precise footwork, marked by intricate taconeo, rhythmic zapateado and rapid shifts in weight distribution. Their bodies convey a myriad of emotions &#8211; pain, longing, joy and defiance &#8211; through sweeping arm movements, sensual twists of the torso and piercing gazes. Every movement, every gesture, holds deep meaning and tells stories of love, loss and human experience.<\/p>\n\n<figure class=\"wp-block-image size-large\"><a href=\"https:\/\/josedelavega.com\/wp-content\/uploads\/2023\/07\/patricia-guerrero-distopia-5mar19-21.jpeg\"><img loading=\"lazy\" decoding=\"async\" width=\"1024\" height=\"683\" src=\"https:\/\/josedelavega.com\/wp-content\/uploads\/2023\/07\/patricia-guerrero-distopia-5mar19-21-1024x683.jpeg\" alt=\"Flamenco Dance by Sole&#xE1; | Patricia Guerrero\" class=\"wp-image-8436\" srcset=\"https:\/\/josedelavega.com\/wp-content\/uploads\/2023\/07\/patricia-guerrero-distopia-5mar19-21-1024x683.jpeg 1024w, https:\/\/josedelavega.com\/wp-content\/uploads\/2023\/07\/patricia-guerrero-distopia-5mar19-21-300x200.jpeg 300w, https:\/\/josedelavega.com\/wp-content\/uploads\/2023\/07\/patricia-guerrero-distopia-5mar19-21-768x512.jpeg 768w, https:\/\/josedelavega.com\/wp-content\/uploads\/2023\/07\/patricia-guerrero-distopia-5mar19-21.jpeg 1200w\" sizes=\"auto, (max-width: 1024px) 100vw, 1024px\" \/><\/a><\/figure>\n\n<p>\n          <strong>Patricia Guerrero dancing for Sole\u00e1<\/strong>\n        <\/p>\n\n<h2 class=\"wp-block-heading has-medium-font-size\" id=\"h-la-conexion-profunda-interpretes-y-espectadores\">The deep connection: Performers and viewers<\/h2>\n\n<p>Soleares transcends its physical boundaries and creates a deep connection between artists and spectators. The raw intensity and vulnerability displayed by the dancers invites the audience into their emotional realm, igniting a shared experience of <a href=\"https:\/\/youtu.be\/np06ficvJzc\">human emotion<\/a>. The palpable tension and the release of energy during the performance create an atmosphere charged with passion, which leaves a lasting impression on all who witness it. The energy exchange between the artists and the audience fosters a sense of community, bringing people from diverse backgrounds together in a celebration of art and humanity.<\/p>\n\n<figure class=\"wp-block-image size-large\"><a href=\"https:\/\/josedelavega.com\/wp-content\/uploads\/2023\/07\/maxresdefault.jpg\"><img loading=\"lazy\" decoding=\"async\" width=\"1024\" height=\"576\" src=\"https:\/\/josedelavega.com\/wp-content\/uploads\/2023\/07\/maxresdefault-1024x576.jpg\" alt=\"Flamenco dance by Sole&#xE1; | Sara Barrero\" class=\"wp-image-8438\" srcset=\"https:\/\/josedelavega.com\/wp-content\/uploads\/2023\/07\/maxresdefault-1024x576.jpg 1024w, https:\/\/josedelavega.com\/wp-content\/uploads\/2023\/07\/maxresdefault-300x169.jpg 300w, https:\/\/josedelavega.com\/wp-content\/uploads\/2023\/07\/maxresdefault-768x432.jpg 768w, https:\/\/josedelavega.com\/wp-content\/uploads\/2023\/07\/maxresdefault.jpg 1280w\" sizes=\"auto, (max-width: 1024px) 100vw, 1024px\" \/><\/a><\/figure>\n\n<p><strong><a href=\"https:\/\/josedelavega.com\/en\/teachers\/sara-barrero\/\">Sara Barrero<\/a>, dancer and teacher of the school dancing for Sole\u00e1<\/strong><\/p>\n\n<h2 class=\"wp-block-heading has-medium-font-size\" id=\"h-conservar-la-tradicion-y-evolucionar-al-mismo-tiempo\">Preserving tradition and evolving at the same time<\/h2>\n\n<p>Although Soleares has its roots in tradition, it also evolves over time, incorporating new elements and influences. Soleares&#8217; contemporary interpretations embrace experimentation and fusion with other dance forms, breathing new life into the art form while remaining true to its essence. This evolution ensures that Soleares continues to resonate with audiences around the world, building bridges between cultures and transcending language barriers.<\/p>\n\n<p>Flamenco dancing by Sole\u00e1, with its rhythmic complexity, emotional depth and cultural significance, embodies the soul of flamenco. Through its powerful dance movements and moving melodies, it allows us to connect with the deepest part of the human experience. Soleares is a testament to the resilience and beauty of the human spirit, inviting us to immerse ourselves in the passion and art of flamenco. So, let us embrace this enchanting art, experiencing the magic of Soleares and continuing the legacy of flamenco.  <\/p>\n\n<p>So, let us embrace this enchanting art, experiencing the magic of Soleares and continuing the legacy of flamenco for generations to come.<\/p>\n\n<p><\/p>\n","protected":false},"excerpt":{"rendered":"<p>Flamenco, a vibrant and soulful art form originating in the Andalusian region of Spain, encompasses a rich tapestry of music, song and dance. At the heart of this captivating tradition is the Sole\u00e1. With its deep-rooted history and intricate choreography, the Sole\u00e1 dance is a powerful expression of emotions, intertwining pain, passion and endurance. In [&hellip;]<\/p>\n","protected":false},"author":1,"featured_media":8458,"comment_status":"closed","ping_status":"open","sticky":false,"template":"","format":"standard","meta":{"_acf_changed":false,"footnotes":""},"categories":[81],"tags":[],"class_list":["post-8447","post","type-post","status-publish","format-standard","has-post-thumbnail","hentry","category-flamenco-dance"],"acf":[],"yoast_head":"<!-- This site is optimized with the Yoast SEO plugin v26.9 - https:\/\/yoast.com\/product\/yoast-seo-wordpress\/ -->\n<title>Do you like to learn the Sole\u00e1 dance?<\/title>\n<meta name=\"description\" content=\"The Sole\u00e1, one of the most important styles of flamenco dance. At Jos\u00e9 de la Vega School we offer classes for all levels.\" \/>\n<meta name=\"robots\" content=\"index, follow, max-snippet:-1, max-image-preview:large, max-video-preview:-1\" \/>\n<link rel=\"canonical\" href=\"https:\/\/josedelavega.com\/en\/solea-a-fundamental-flamenco-palo-form\/\" \/>\n<meta property=\"og:locale\" content=\"en_US\" \/>\n<meta property=\"og:type\" content=\"article\" \/>\n<meta property=\"og:title\" content=\"Do you like to learn the Sole\u00e1 dance?\" \/>\n<meta property=\"og:description\" content=\"The Sole\u00e1, one of the most important styles of flamenco dance. At Jos\u00e9 de la Vega School we offer classes for all levels.\" \/>\n<meta property=\"og:url\" content=\"https:\/\/josedelavega.com\/en\/solea-a-fundamental-flamenco-palo-form\/\" \/>\n<meta property=\"og:site_name\" content=\"Clases de Flamenco y Sevillanas en Barcelona, Escuela Jos\u00e9 de la Vega\" \/>\n<meta property=\"article:publisher\" content=\"https:\/\/www.facebook.com\/escuelajosedelavega\" \/>\n<meta property=\"article:published_time\" content=\"2023-07-26T10:33:04+00:00\" \/>\n<meta property=\"article:modified_time\" content=\"2023-08-11T13:24:31+00:00\" \/>\n<meta property=\"og:image\" content=\"https:\/\/josedelavega.com\/wp-content\/uploads\/2023\/07\/Baile-por-Solea.jpg\" \/>\n\t<meta property=\"og:image:width\" content=\"528\" \/>\n\t<meta property=\"og:image:height\" content=\"800\" \/>\n\t<meta property=\"og:image:type\" content=\"image\/jpeg\" \/>\n<meta name=\"author\" content=\"Escuela Jos\u00e9 de la Vega\" \/>\n<script type=\"application\/ld+json\" class=\"yoast-schema-graph\">{\"@context\":\"https:\/\/schema.org\",\"@graph\":[{\"@type\":\"Article\",\"@id\":\"https:\/\/josedelavega.com\/en\/solea-a-fundamental-flamenco-palo-form\/#article\",\"isPartOf\":{\"@id\":\"https:\/\/josedelavega.com\/en\/solea-a-fundamental-flamenco-palo-form\/\"},\"author\":{\"name\":\"Escuela Jos\u00e9 de la Vega\",\"@id\":\"https:\/\/josedelavega.com\/#\/schema\/person\/ecc5090384255e3da3f7c8e30eece1f8\"},\"headline\":\"Sole\u00e1, a fundamental flamenco palo (form)\",\"datePublished\":\"2023-07-26T10:33:04+00:00\",\"dateModified\":\"2023-08-11T13:24:31+00:00\",\"mainEntityOfPage\":{\"@id\":\"https:\/\/josedelavega.com\/en\/solea-a-fundamental-flamenco-palo-form\/\"},\"wordCount\":616,\"publisher\":{\"@id\":\"https:\/\/josedelavega.com\/#organization\"},\"image\":{\"@id\":\"https:\/\/josedelavega.com\/en\/solea-a-fundamental-flamenco-palo-form\/#primaryimage\"},\"thumbnailUrl\":\"https:\/\/josedelavega.com\/wp-content\/uploads\/2023\/07\/Baile-por-Solea-e1714030750418.jpg\",\"articleSection\":[\"Flamenco dance\"],\"inLanguage\":\"en-US\"},{\"@type\":\"WebPage\",\"@id\":\"https:\/\/josedelavega.com\/en\/solea-a-fundamental-flamenco-palo-form\/\",\"url\":\"https:\/\/josedelavega.com\/en\/solea-a-fundamental-flamenco-palo-form\/\",\"name\":\"Do you like to learn the Sole\u00e1 dance?\",\"isPartOf\":{\"@id\":\"https:\/\/josedelavega.com\/#website\"},\"primaryImageOfPage\":{\"@id\":\"https:\/\/josedelavega.com\/en\/solea-a-fundamental-flamenco-palo-form\/#primaryimage\"},\"image\":{\"@id\":\"https:\/\/josedelavega.com\/en\/solea-a-fundamental-flamenco-palo-form\/#primaryimage\"},\"thumbnailUrl\":\"https:\/\/josedelavega.com\/wp-content\/uploads\/2023\/07\/Baile-por-Solea-e1714030750418.jpg\",\"datePublished\":\"2023-07-26T10:33:04+00:00\",\"dateModified\":\"2023-08-11T13:24:31+00:00\",\"description\":\"The Sole\u00e1, one of the most important styles of flamenco dance. At Jos\u00e9 de la Vega School we offer classes for all levels.\",\"breadcrumb\":{\"@id\":\"https:\/\/josedelavega.com\/en\/solea-a-fundamental-flamenco-palo-form\/#breadcrumb\"},\"inLanguage\":\"en-US\",\"potentialAction\":[{\"@type\":\"ReadAction\",\"target\":[\"https:\/\/josedelavega.com\/en\/solea-a-fundamental-flamenco-palo-form\/\"]}]},{\"@type\":\"ImageObject\",\"inLanguage\":\"en-US\",\"@id\":\"https:\/\/josedelavega.com\/en\/solea-a-fundamental-flamenco-palo-form\/#primaryimage\",\"url\":\"https:\/\/josedelavega.com\/wp-content\/uploads\/2023\/07\/Baile-por-Solea-e1714030750418.jpg\",\"contentUrl\":\"https:\/\/josedelavega.com\/wp-content\/uploads\/2023\/07\/Baile-por-Solea-e1714030750418.jpg\",\"width\":528,\"height\":800,\"caption\":\"Baile por Sole\u00e1 | Escuela de baile flamenco Jos\u00e9 de la Vega\"},{\"@type\":\"BreadcrumbList\",\"@id\":\"https:\/\/josedelavega.com\/en\/solea-a-fundamental-flamenco-palo-form\/#breadcrumb\",\"itemListElement\":[{\"@type\":\"ListItem\",\"position\":1,\"name\":\"Portada\",\"item\":\"https:\/\/josedelavega.com\/en\/homepage\/\"},{\"@type\":\"ListItem\",\"position\":2,\"name\":\"Sole\u00e1, a fundamental flamenco palo (form)\"}]},{\"@type\":\"WebSite\",\"@id\":\"https:\/\/josedelavega.com\/#website\",\"url\":\"https:\/\/josedelavega.com\/\",\"name\":\"Clases de Flamenco y Sevillanas en Barcelona, Escuela Jos\u00e9 de la Vega\",\"description\":\"Escuela de Baile Flamenco Jos\u00e9 de la Vega, Barcelona - clases de flamenco, sevillanas, guitarra, palmas y caj\u00f3n, todos los niveles!\",\"publisher\":{\"@id\":\"https:\/\/josedelavega.com\/#organization\"},\"alternateName\":\"Escuela de baile flamenco Jos\u00e9 de la Vega Barcelona\",\"potentialAction\":[{\"@type\":\"SearchAction\",\"target\":{\"@type\":\"EntryPoint\",\"urlTemplate\":\"https:\/\/josedelavega.com\/?s={search_term_string}\"},\"query-input\":{\"@type\":\"PropertyValueSpecification\",\"valueRequired\":true,\"valueName\":\"search_term_string\"}}],\"inLanguage\":\"en-US\"},{\"@type\":\"Organization\",\"@id\":\"https:\/\/josedelavega.com\/#organization\",\"name\":\"Escuela de baile flamenco Jos\u00e9 de la Vega\",\"alternateName\":\"Jos\u00e9 de la Vega Escuela de flamenco\",\"url\":\"https:\/\/josedelavega.com\/\",\"logo\":{\"@type\":\"ImageObject\",\"inLanguage\":\"en-US\",\"@id\":\"https:\/\/josedelavega.com\/#\/schema\/logo\/image\/\",\"url\":\"https:\/\/josedelavega.com\/wp-content\/uploads\/2022\/06\/cropped-jdlv_logo-250px.png\",\"contentUrl\":\"https:\/\/josedelavega.com\/wp-content\/uploads\/2022\/06\/cropped-jdlv_logo-250px.png\",\"width\":250,\"height\":237,\"caption\":\"Escuela de baile flamenco Jos\u00e9 de la Vega\"},\"image\":{\"@id\":\"https:\/\/josedelavega.com\/#\/schema\/logo\/image\/\"},\"sameAs\":[\"https:\/\/www.facebook.com\/escuelajosedelavega\"]},{\"@type\":\"Person\",\"@id\":\"https:\/\/josedelavega.com\/#\/schema\/person\/ecc5090384255e3da3f7c8e30eece1f8\",\"name\":\"Escuela Jos\u00e9 de la Vega\",\"image\":{\"@type\":\"ImageObject\",\"inLanguage\":\"en-US\",\"@id\":\"https:\/\/josedelavega.com\/#\/schema\/person\/image\/\",\"url\":\"https:\/\/secure.gravatar.com\/avatar\/e1f95e6cf65da0ca7fec1a612e0d7f924a844fb06ceb62a2ab32be0484bcce02?s=96&d=mm&r=g\",\"contentUrl\":\"https:\/\/secure.gravatar.com\/avatar\/e1f95e6cf65da0ca7fec1a612e0d7f924a844fb06ceb62a2ab32be0484bcce02?s=96&d=mm&r=g\",\"caption\":\"Escuela Jos\u00e9 de la Vega\"},\"sameAs\":[\"https:\/\/x.com\/JoseDLV-987654rt675\"],\"url\":\"https:\/\/josedelavega.com\/en\/author\/jdlvwordpress\/\"}]}<\/script>\n<!-- \/ Yoast SEO plugin. -->","yoast_head_json":{"title":"Do you like to learn the Sole\u00e1 dance?","description":"The Sole\u00e1, one of the most important styles of flamenco dance. At Jos\u00e9 de la Vega School we offer classes for all levels.","robots":{"index":"index","follow":"follow","max-snippet":"max-snippet:-1","max-image-preview":"max-image-preview:large","max-video-preview":"max-video-preview:-1"},"canonical":"https:\/\/josedelavega.com\/en\/solea-a-fundamental-flamenco-palo-form\/","og_locale":"en_US","og_type":"article","og_title":"Do you like to learn the Sole\u00e1 dance?","og_description":"The Sole\u00e1, one of the most important styles of flamenco dance. At Jos\u00e9 de la Vega School we offer classes for all levels.","og_url":"https:\/\/josedelavega.com\/en\/solea-a-fundamental-flamenco-palo-form\/","og_site_name":"Clases de Flamenco y Sevillanas en Barcelona, Escuela Jos\u00e9 de la Vega","article_publisher":"https:\/\/www.facebook.com\/escuelajosedelavega","article_published_time":"2023-07-26T10:33:04+00:00","article_modified_time":"2023-08-11T13:24:31+00:00","og_image":[{"width":528,"height":800,"url":"https:\/\/josedelavega.com\/wp-content\/uploads\/2023\/07\/Baile-por-Solea.jpg","type":"image\/jpeg"}],"author":"Escuela Jos\u00e9 de la Vega","schema":{"@context":"https:\/\/schema.org","@graph":[{"@type":"Article","@id":"https:\/\/josedelavega.com\/en\/solea-a-fundamental-flamenco-palo-form\/#article","isPartOf":{"@id":"https:\/\/josedelavega.com\/en\/solea-a-fundamental-flamenco-palo-form\/"},"author":{"name":"Escuela Jos\u00e9 de la Vega","@id":"https:\/\/josedelavega.com\/#\/schema\/person\/ecc5090384255e3da3f7c8e30eece1f8"},"headline":"Sole\u00e1, a fundamental flamenco palo (form)","datePublished":"2023-07-26T10:33:04+00:00","dateModified":"2023-08-11T13:24:31+00:00","mainEntityOfPage":{"@id":"https:\/\/josedelavega.com\/en\/solea-a-fundamental-flamenco-palo-form\/"},"wordCount":616,"publisher":{"@id":"https:\/\/josedelavega.com\/#organization"},"image":{"@id":"https:\/\/josedelavega.com\/en\/solea-a-fundamental-flamenco-palo-form\/#primaryimage"},"thumbnailUrl":"https:\/\/josedelavega.com\/wp-content\/uploads\/2023\/07\/Baile-por-Solea-e1714030750418.jpg","articleSection":["Flamenco dance"],"inLanguage":"en-US"},{"@type":"WebPage","@id":"https:\/\/josedelavega.com\/en\/solea-a-fundamental-flamenco-palo-form\/","url":"https:\/\/josedelavega.com\/en\/solea-a-fundamental-flamenco-palo-form\/","name":"Do you like to learn the Sole\u00e1 dance?","isPartOf":{"@id":"https:\/\/josedelavega.com\/#website"},"primaryImageOfPage":{"@id":"https:\/\/josedelavega.com\/en\/solea-a-fundamental-flamenco-palo-form\/#primaryimage"},"image":{"@id":"https:\/\/josedelavega.com\/en\/solea-a-fundamental-flamenco-palo-form\/#primaryimage"},"thumbnailUrl":"https:\/\/josedelavega.com\/wp-content\/uploads\/2023\/07\/Baile-por-Solea-e1714030750418.jpg","datePublished":"2023-07-26T10:33:04+00:00","dateModified":"2023-08-11T13:24:31+00:00","description":"The Sole\u00e1, one of the most important styles of flamenco dance. At Jos\u00e9 de la Vega School we offer classes for all levels.","breadcrumb":{"@id":"https:\/\/josedelavega.com\/en\/solea-a-fundamental-flamenco-palo-form\/#breadcrumb"},"inLanguage":"en-US","potentialAction":[{"@type":"ReadAction","target":["https:\/\/josedelavega.com\/en\/solea-a-fundamental-flamenco-palo-form\/"]}]},{"@type":"ImageObject","inLanguage":"en-US","@id":"https:\/\/josedelavega.com\/en\/solea-a-fundamental-flamenco-palo-form\/#primaryimage","url":"https:\/\/josedelavega.com\/wp-content\/uploads\/2023\/07\/Baile-por-Solea-e1714030750418.jpg","contentUrl":"https:\/\/josedelavega.com\/wp-content\/uploads\/2023\/07\/Baile-por-Solea-e1714030750418.jpg","width":528,"height":800,"caption":"Baile por Sole\u00e1 | Escuela de baile flamenco Jos\u00e9 de la Vega"},{"@type":"BreadcrumbList","@id":"https:\/\/josedelavega.com\/en\/solea-a-fundamental-flamenco-palo-form\/#breadcrumb","itemListElement":[{"@type":"ListItem","position":1,"name":"Portada","item":"https:\/\/josedelavega.com\/en\/homepage\/"},{"@type":"ListItem","position":2,"name":"Sole\u00e1, a fundamental flamenco palo (form)"}]},{"@type":"WebSite","@id":"https:\/\/josedelavega.com\/#website","url":"https:\/\/josedelavega.com\/","name":"Clases de Flamenco y Sevillanas en Barcelona, Escuela Jos\u00e9 de la Vega","description":"Escuela de Baile Flamenco Jos\u00e9 de la Vega, Barcelona - clases de flamenco, sevillanas, guitarra, palmas y caj\u00f3n, todos los niveles!","publisher":{"@id":"https:\/\/josedelavega.com\/#organization"},"alternateName":"Escuela de baile flamenco Jos\u00e9 de la Vega Barcelona","potentialAction":[{"@type":"SearchAction","target":{"@type":"EntryPoint","urlTemplate":"https:\/\/josedelavega.com\/?s={search_term_string}"},"query-input":{"@type":"PropertyValueSpecification","valueRequired":true,"valueName":"search_term_string"}}],"inLanguage":"en-US"},{"@type":"Organization","@id":"https:\/\/josedelavega.com\/#organization","name":"Escuela de baile flamenco Jos\u00e9 de la Vega","alternateName":"Jos\u00e9 de la Vega Escuela de flamenco","url":"https:\/\/josedelavega.com\/","logo":{"@type":"ImageObject","inLanguage":"en-US","@id":"https:\/\/josedelavega.com\/#\/schema\/logo\/image\/","url":"https:\/\/josedelavega.com\/wp-content\/uploads\/2022\/06\/cropped-jdlv_logo-250px.png","contentUrl":"https:\/\/josedelavega.com\/wp-content\/uploads\/2022\/06\/cropped-jdlv_logo-250px.png","width":250,"height":237,"caption":"Escuela de baile flamenco Jos\u00e9 de la Vega"},"image":{"@id":"https:\/\/josedelavega.com\/#\/schema\/logo\/image\/"},"sameAs":["https:\/\/www.facebook.com\/escuelajosedelavega"]},{"@type":"Person","@id":"https:\/\/josedelavega.com\/#\/schema\/person\/ecc5090384255e3da3f7c8e30eece1f8","name":"Escuela Jos\u00e9 de la Vega","image":{"@type":"ImageObject","inLanguage":"en-US","@id":"https:\/\/josedelavega.com\/#\/schema\/person\/image\/","url":"https:\/\/secure.gravatar.com\/avatar\/e1f95e6cf65da0ca7fec1a612e0d7f924a844fb06ceb62a2ab32be0484bcce02?s=96&d=mm&r=g","contentUrl":"https:\/\/secure.gravatar.com\/avatar\/e1f95e6cf65da0ca7fec1a612e0d7f924a844fb06ceb62a2ab32be0484bcce02?s=96&d=mm&r=g","caption":"Escuela Jos\u00e9 de la Vega"},"sameAs":["https:\/\/x.com\/JoseDLV-987654rt675"],"url":"https:\/\/josedelavega.com\/en\/author\/jdlvwordpress\/"}]}},"_links":{"self":[{"href":"https:\/\/josedelavega.com\/en\/wp-json\/wp\/v2\/posts\/8447","targetHints":{"allow":["GET"]}}],"collection":[{"href":"https:\/\/josedelavega.com\/en\/wp-json\/wp\/v2\/posts"}],"about":[{"href":"https:\/\/josedelavega.com\/en\/wp-json\/wp\/v2\/types\/post"}],"author":[{"embeddable":true,"href":"https:\/\/josedelavega.com\/en\/wp-json\/wp\/v2\/users\/1"}],"replies":[{"embeddable":true,"href":"https:\/\/josedelavega.com\/en\/wp-json\/wp\/v2\/comments?post=8447"}],"version-history":[{"count":8,"href":"https:\/\/josedelavega.com\/en\/wp-json\/wp\/v2\/posts\/8447\/revisions"}],"predecessor-version":[{"id":8468,"href":"https:\/\/josedelavega.com\/en\/wp-json\/wp\/v2\/posts\/8447\/revisions\/8468"}],"wp:featuredmedia":[{"embeddable":true,"href":"https:\/\/josedelavega.com\/en\/wp-json\/wp\/v2\/media\/8458"}],"wp:attachment":[{"href":"https:\/\/josedelavega.com\/en\/wp-json\/wp\/v2\/media?parent=8447"}],"wp:term":[{"taxonomy":"category","embeddable":true,"href":"https:\/\/josedelavega.com\/en\/wp-json\/wp\/v2\/categories?post=8447"},{"taxonomy":"post_tag","embeddable":true,"href":"https:\/\/josedelavega.com\/en\/wp-json\/wp\/v2\/tags?post=8447"}],"curies":[{"name":"wp","href":"https:\/\/api.w.org\/{rel}","templated":true}]}}